{"id":17885,"date":"2024-09-12T15:06:00","date_gmt":"2024-09-12T15:06:00","guid":{"rendered":"https:\/\/gmtaxconsultancy.com\/?p=17885"},"modified":"2024-09-13T10:06:42","modified_gmt":"2024-09-13T10:06:42","slug":"el-rei-emerito-juan-carlos-i-crea-una-fundacio-a-abu-dabi","status":"publish","type":"post","link":"https:\/\/gmtaxconsultancy.com\/ca\/noticies\/el-rei-emerito-juan-carlos-i-crea-una-fundacio-a-abu-dabi\/","title":{"rendered":"El rei em\u00e8rit Juan Carlos I crea una fundaci\u00f3 a Abu Dabi"},"content":{"rendered":"<p>[et_pb_section fb_built=&#8221;1&#8243; admin_label=&#8221;section&#8221; _builder_version=&#8221;4.16&#8243; global_colors_info=&#8221;{}&#8221;][et_pb_row admin_label=&#8221;row&#8221; _builder_version=&#8221;4.16&#8243; background_size=&#8221;initial&#8221; background_position=&#8221;top_left&#8221; background_repeat=&#8221;repeat&#8221; global_colors_info=&#8221;{}&#8221;][et_pb_column type=&#8221;4_4&#8243; _builder_version=&#8221;4.16&#8243; custom_padding=&#8221;|||&#8221; global_colors_info=&#8221;{}&#8221; custom_padding__hover=&#8221;|||&#8221;][et_pb_text _builder_version=&#8221;4.24.2&#8243; _module_preset=&#8221;default&#8221; hover_enabled=&#8221;0&#8243; global_colors_info=&#8221;{}&#8221; sticky_enabled=&#8221;0&#8243;]<\/p>\n<h2><b>El rei em\u00e8rit Juan Carlos I crea una fundaci\u00f3 a Abu Dhabi per transferir la seva her\u00e8ncia a les seves filles Elena i Cristina<\/b><\/h2>\n<p><a href=\"https:\/\/www.lasexta.com\/noticias\/nacional\/juan-carlos-crea-fundacion-sus-hijas-abu-dhabi-poder-transferirles-herencia_2024090966deb688fcf7b3000153aab0.html\" target=\"_blank\" rel=\"noopener\"><img loading=\"lazy\" decoding=\"async\" class=\"aligncenter wp-image-17902 size-full\" src=\"https:\/\/gmtaxconsultancy.com\/wp-content\/uploads\/2a0f6250-1f46-433a-a567-00217fb5e7f5.jpg\" alt=\"\" width=\"400\" height=\"250\" srcset=\"https:\/\/gmtaxconsultancy.com\/wp-content\/uploads\/2a0f6250-1f46-433a-a567-00217fb5e7f5.jpg 400w, https:\/\/gmtaxconsultancy.com\/wp-content\/uploads\/2a0f6250-1f46-433a-a567-00217fb5e7f5-300x188.jpg 300w\" sizes=\"(max-width: 400px) 100vw, 400px\" \/><\/a><\/p>\n<p>En un moviment financer recent, el rei em\u00e8rit Juan Carlos I ha constitu\u00eft una fundaci\u00f3 a Abu Dhabi amb l&#8217;objectiu de gestionar i transferir el seu patrimoni a les seves filles, les infantes Elena i Cristina. Aquesta decisi\u00f3 s&#8217;emmarca en un context de planificaci\u00f3 success\u00f2ria que busca assegurar la distribuci\u00f3 correcta de la seva her\u00e8ncia. <\/p>\n<p><a href=\"https:\/\/www.lasexta.com\/noticias\/nacional\/juan-carlos-crea-fundacion-sus-hijas-abu-dhabi-poder-transferirles-herencia_2024090966deb688fcf7b3000153aab0.html\" target=\"_blank\" rel=\"noopener\"><a href=\"https:\/\/www.lasexta.com\/noticias\/nacional\/juan-carlos-crea-fundacion-sus-hijas-abu-dhabi-poder-transferirles-herencia_2024090966deb688fcf7b3000153aab0.html\" target=\"_blank\" rel=\"noopener\">Read the new<\/a><\/a><\/p>\n<p>En relaci\u00f3 amb aquest assumpte, La <b>Sexta Noticias<\/b> ha contactat amb <b>S\u00edlvia Gabarr\u00f3<\/b>, directora de GM Tax Consultancy i experta en dret fiscal internacional. Gabarr\u00f3 ha comentat les implicacions fiscals d&#8217;aquesta operaci\u00f3, destacant-ne la rellev\u00e0ncia en termes de tributaci\u00f3 internacional i gesti\u00f3 de b\u00e9ns a l&#8217;estranger. <\/p>\n<p>Aquest moviment ha despertat un notable inter\u00e8s medi\u00e0tic, at\u00e8s el context internacional en qu\u00e8 es desenvolupa i les possibles repercussions fiscals tant per al monarca em\u00e8rit com per a les seves hereves.<\/p>\n<p>[\/et_pb_text][\/et_pb_column][\/et_pb_row][\/et_pb_section]<\/p>\n","protected":false},"excerpt":{"rendered":"<p>El rei em\u00e8rit Juan Carlos I crea una fundaci\u00f3 a Abu Dhabi per transferir la seva her\u00e8ncia a les seves filles Elena i Cristina En un moviment financer recent, el rei em\u00e8rit Juan Carlos I ha constitu\u00eft una fundaci\u00f3 a Abu Dhabi amb l&#8217;objectiu de gestionar i transferir el seu patrimoni a les seves filles, [&hellip;]<\/p>\n","protected":false},"author":1,"featured_media":17897,"comment_status":"closed","ping_status":"closed","sticky":false,"template":"","format":"standard","meta":{"_et_pb_use_builder":"on","_et_pb_old_content":"","_et_gb_content_width":"","footnotes":""},"categories":[144],"tags":[],"class_list":["post-17885","post","type-post","status-publish","format-standard","has-post-thumbnail","hentry","category-noticies"],"_links":{"self":[{"href":"https:\/\/gmtaxconsultancy.com\/ca\/wp-json\/wp\/v2\/posts\/17885","targetHints":{"allow":["GET"]}}],"collection":[{"href":"https:\/\/gmtaxconsultancy.com\/ca\/wp-json\/wp\/v2\/posts"}],"about":[{"href":"https:\/\/gmtaxconsultancy.com\/ca\/wp-json\/wp\/v2\/types\/post"}],"author":[{"embeddable":true,"href":"https:\/\/gmtaxconsultancy.com\/ca\/wp-json\/wp\/v2\/users\/1"}],"replies":[{"embeddable":true,"href":"https:\/\/gmtaxconsultancy.com\/ca\/wp-json\/wp\/v2\/comments?post=17885"}],"version-history":[{"count":12,"href":"https:\/\/gmtaxconsultancy.com\/ca\/wp-json\/wp\/v2\/posts\/17885\/revisions"}],"predecessor-version":[{"id":17921,"href":"https:\/\/gmtaxconsultancy.com\/ca\/wp-json\/wp\/v2\/posts\/17885\/revisions\/17921"}],"wp:featuredmedia":[{"embeddable":true,"href":"https:\/\/gmtaxconsultancy.com\/ca\/wp-json\/wp\/v2\/media\/17897"}],"wp:attachment":[{"href":"https:\/\/gmtaxconsultancy.com\/ca\/wp-json\/wp\/v2\/media?parent=17885"}],"wp:term":[{"taxonomy":"category","embeddable":true,"href":"https:\/\/gmtaxconsultancy.com\/ca\/wp-json\/wp\/v2\/categories?post=17885"},{"taxonomy":"post_tag","embeddable":true,"href":"https:\/\/gmtaxconsultancy.com\/ca\/wp-json\/wp\/v2\/tags?post=17885"}],"curies":[{"name":"wp","href":"https:\/\/api.w.org\/{rel}","templated":true}]}}